{"id":7392,"date":"2023-12-26T08:00:57","date_gmt":"2023-12-26T08:00:57","guid":{"rendered":"https:\/\/amiable.ch\/?p=7392"},"modified":"2024-07-16T10:01:51","modified_gmt":"2024-07-16T10:01:51","slug":"scheidung-und-arbeit-in-der-schweiz","status":"publish","type":"post","link":"https:\/\/amiable.ch\/de\/2023\/12\/26\/scheidung-und-arbeit-in-der-schweiz\/","title":{"rendered":"Scheidung und Arbeit in der Schweiz"},"content":{"rendered":"<p style=\"font-weight: 400;\">Der statistische Familienbericht 2021 des Bundesamtes f\u00fcr Statistik gibt Einblicke in die Familienstrukturen der Schweiz. Etwa ein Drittel der Haushalte hat Kinder unter 25 Jahren, wobei die Mehrheit mit beiden Eltern lebt. Allerdings sind 13% in Haushalten mit nur einem Elternteil und 6% in Patchworkfamilien zu Hause. Trotz staatlicher Unterst\u00fctzung sind Einelternhaushalte \u00f6fter von Armut betroffen und haben ein tieferes Wohlbefinden.<\/p>\n<p style=\"font-weight: 400;\">Die Pr\u00e4senz von Kindern beeinflusst den Besch\u00e4ftigungsgrad der Eltern deutlich. 78% der berufst\u00e4tigen M\u00fctter arbeiten Teilzeit. Bei kinderlosen Frauen, die in Partnerschaft leben sind dies 40%. Bei alleinlebenden Frauen sinkt der Anteil auf 31%. M\u00e4nner, insbesondere V\u00e4ter, arbeiten seltener Teilzeit, nur 12% tun dies.<\/p>\n<p style=\"font-weight: 400;\">In Paarhaushalten mit Kleinkindern zeigt sich eine Diskrepanz zwischen Idealvorstellungen und Realit\u00e4t bei der Arbeitsteilung. Obwohl 46% sich eine Teilzeitarbeit beider Eltern w\u00fcnschen, praktizieren nur 10% dies tats\u00e4chlich. Das g\u00e4ngige Modell ist &#8222;Vater Vollzeit und Mutter Teilzeit&#8220; bei 49% der Paare.<\/p>\n<p style=\"font-weight: 400;\">Die Schweiz \u00fcbertrifft den europ\u00e4ischen Durchschnitt in der Betreuung von Kindern durch Grosseltern. Etwa ein Drittel der Kinder unter drei Jahren nutzt formelle Betreuung, w\u00e4hrend 40% ausschliesslich von Grosseltern oder anderen Privatpersonen betreut werden.<\/p>\n<p style=\"font-weight: 400;\">Einelternhaushalte k\u00e4mpfen oft finanziell, wobei 21% auf Sozialhilfe angewiesen sind. Ihre famili\u00e4re Situation beeinflusst auch das Wohlbefinden, und sie sind weniger zufrieden mit Leben und Gesundheit im Vergleich zu Paaren.<br \/>\nEin interessanter Aspekt des Berichts ist die informelle Unterst\u00fctzung zwischen Generationen. Etwa 18% der Menschen im Alter von 25 bis 80 Jahren helfen regelm\u00e4ssig gesundheitlich eingeschr\u00e4nkten Personen in ihrem Umfeld, wobei Frauen etwas h\u00e4ufiger als M\u00e4nner engagiert sind. Die Art der Unterst\u00fctzung variiert je nach Altersgruppe.<\/p>\n<p style=\"font-weight: 400;\"><a href=\"https:\/\/www.bfs.admin.ch\/bfs\/de\/home\/aktuell\/neue-veroeffentlichungen.assetdetail.17004156.html\" target=\"_blank\" rel=\"noopener\">Quelle<\/a><\/p>\n","protected":false},"excerpt":{"rendered":"<p>Der statistische Familienbericht 2021 des Bundesamtes f\u00fcr Statistik gibt Einblicke in die Familienstrukturen der Schweiz. Etwa ein Drittel der Haushalte hat Kinder unter 25 Jahren, wobei die Mehrheit mit beiden Eltern lebt. Allerdings sind 13% in Haushalten mit nur einem Elternteil und 6% in Patchworkfamilien zu Hause. Trotz staatlicher Unterst\u00fctzung sind Einelternhaushalte \u00f6fter von Armut&#8230;<\/p>\n","protected":false},"author":1,"featured_media":7394,"comment_status":"closed","ping_status":"closed","sticky":false,"template":"","format":"standard","meta":{"_acf_changed":false,"_monsterinsights_skip_tracking":false,"_monsterinsights_sitenote_active":false,"_monsterinsights_sitenote_note":"","_monsterinsights_sitenote_category":0,"_locale":"de_DE","_original_post":"https:\/\/amiable.ch\/?p=7392","footnotes":""},"categories":[29,27],"tags":[],"class_list":["post-7392","post","type-post","status-publish","format-standard","has-post-thumbnail","hentry","category-coparentalite","category-enfant-s","de-DE"],"acf":[],"yoast_head":"<!-- This site is optimized with the Yoast SEO Premium plugin v25.5 (Yoast SEO v25.5) - https:\/\/yoast.com\/wordpress\/plugins\/seo\/ -->\n<title>Scheidung und Arbeit in der Schweiz - amiable.ch<\/title>\n<meta name=\"robots\" content=\"index, follow, max-snippet:-1, max-image-preview:large, max-video-preview:-1\" \/>\n<link rel=\"canonical\" href=\"https:\/\/amiable.ch\/de\/2023\/12\/26\/scheidung-und-arbeit-in-der-schweiz\/\" \/>\n<meta property=\"og:locale\" content=\"de_DE\" \/>\n<meta property=\"og:type\" content=\"article\" \/>\n<meta property=\"og:title\" content=\"Scheidung und Arbeit in der Schweiz\" \/>\n<meta property=\"og:description\" content=\"Der statistische Familienbericht 2021 des Bundesamtes f\u00fcr Statistik gibt Einblicke in die Familienstrukturen der Schweiz. Etwa ein Drittel der Haushalte hat Kinder unter 25 Jahren, wobei die Mehrheit mit beiden Eltern lebt. Allerdings sind 13% in Haushalten mit nur einem Elternteil und 6% in Patchworkfamilien zu Hause. Trotz staatlicher Unterst\u00fctzung sind Einelternhaushalte \u00f6fter von Armut...\" \/>\n<meta property=\"og:url\" content=\"https:\/\/amiable.ch\/de\/2023\/12\/26\/scheidung-und-arbeit-in-der-schweiz\/\" \/>\n<meta property=\"og:site_name\" content=\"amiable.ch\" \/>\n<meta property=\"article:published_time\" content=\"2023-12-26T08:00:57+00:00\" \/>\n<meta property=\"article:modified_time\" content=\"2024-07-16T10:01:51+00:00\" \/>\n<meta property=\"og:image\" content=\"https:\/\/amiable.ch\/wp-content\/uploads\/2023\/12\/Design-ohne-Titel-3-1-1-1280x720.png\" \/>\n\t<meta property=\"og:image:width\" content=\"1280\" \/>\n\t<meta property=\"og:image:height\" content=\"720\" \/>\n\t<meta property=\"og:image:type\" content=\"image\/png\" \/>\n<meta name=\"author\" content=\"admin\" \/>\n<meta name=\"twitter:card\" content=\"summary_large_image\" \/>\n<meta name=\"twitter:label1\" content=\"Verfasst von\" \/>\n\t<meta name=\"twitter:data1\" content=\"admin\" \/>\n\t<meta name=\"twitter:label2\" content=\"Gesch\u00e4tzte Lesezeit\" \/>\n\t<meta name=\"twitter:data2\" content=\"2\u00a0Minuten\" \/>\n<script type=\"application\/ld+json\" class=\"yoast-schema-graph\">{\"@context\":\"https:\/\/schema.org\",\"@graph\":[{\"@type\":\"WebPage\",\"@id\":\"https:\/\/amiable.ch\/de\/2023\/12\/26\/scheidung-und-arbeit-in-der-schweiz\/\",\"url\":\"https:\/\/amiable.ch\/de\/2023\/12\/26\/scheidung-und-arbeit-in-der-schweiz\/\",\"name\":\"Scheidung und Arbeit in der Schweiz - amiable.ch\",\"isPartOf\":{\"@id\":\"https:\/\/amiable.ch\/de\/#website\"},\"primaryImageOfPage\":{\"@id\":\"https:\/\/amiable.ch\/de\/2023\/12\/26\/scheidung-und-arbeit-in-der-schweiz\/#primaryimage\"},\"image\":{\"@id\":\"https:\/\/amiable.ch\/de\/2023\/12\/26\/scheidung-und-arbeit-in-der-schweiz\/#primaryimage\"},\"thumbnailUrl\":\"https:\/\/amiable.ch\/wp-content\/uploads\/2023\/12\/Design-ohne-Titel-3-1-1.png\",\"datePublished\":\"2023-12-26T08:00:57+00:00\",\"dateModified\":\"2024-07-16T10:01:51+00:00\",\"author\":{\"@id\":\"https:\/\/amiable.ch\/de\/#\/schema\/person\/13c2e8821bb61f0a05252eefc52defac\"},\"breadcrumb\":{\"@id\":\"https:\/\/amiable.ch\/de\/2023\/12\/26\/scheidung-und-arbeit-in-der-schweiz\/#breadcrumb\"},\"inLanguage\":\"de\",\"potentialAction\":[{\"@type\":\"ReadAction\",\"target\":[\"https:\/\/amiable.ch\/de\/2023\/12\/26\/scheidung-und-arbeit-in-der-schweiz\/\"]}]},{\"@type\":\"ImageObject\",\"inLanguage\":\"de\",\"@id\":\"https:\/\/amiable.ch\/de\/2023\/12\/26\/scheidung-und-arbeit-in-der-schweiz\/#primaryimage\",\"url\":\"https:\/\/amiable.ch\/wp-content\/uploads\/2023\/12\/Design-ohne-Titel-3-1-1.png\",\"contentUrl\":\"https:\/\/amiable.ch\/wp-content\/uploads\/2023\/12\/Design-ohne-Titel-3-1-1.png\",\"width\":1920,\"height\":1080,\"caption\":\"Divorce \u00e0 l\u2019amiable en ligne en Suisse, amiable.ch\"},{\"@type\":\"BreadcrumbList\",\"@id\":\"https:\/\/amiable.ch\/de\/2023\/12\/26\/scheidung-und-arbeit-in-der-schweiz\/#breadcrumb\",\"itemListElement\":[{\"@type\":\"ListItem\",\"position\":1,\"name\":\"Home\",\"item\":\"https:\/\/amiable.ch\/de\/\"},{\"@type\":\"ListItem\",\"position\":2,\"name\":\"Scheidung und Arbeit in der Schweiz\"}]},{\"@type\":\"WebSite\",\"@id\":\"https:\/\/amiable.ch\/de\/#website\",\"url\":\"https:\/\/amiable.ch\/de\/\",\"name\":\"amiable.ch\",\"description\":\"\",\"potentialAction\":[{\"@type\":\"SearchAction\",\"target\":{\"@type\":\"EntryPoint\",\"urlTemplate\":\"https:\/\/amiable.ch\/de\/?s={search_term_string}\"},\"query-input\":{\"@type\":\"PropertyValueSpecification\",\"valueRequired\":true,\"valueName\":\"search_term_string\"}}],\"inLanguage\":\"de\"},{\"@type\":\"Person\",\"@id\":\"https:\/\/amiable.ch\/de\/#\/schema\/person\/13c2e8821bb61f0a05252eefc52defac\",\"name\":\"admin\",\"image\":{\"@type\":\"ImageObject\",\"inLanguage\":\"de\",\"@id\":\"https:\/\/amiable.ch\/de\/#\/schema\/person\/image\/\",\"url\":\"https:\/\/secure.gravatar.com\/avatar\/504bea97a1ccc49a691a1068322d035c71f1d28c909da5c3d7eaa70b6a528a9a?s=96&d=mm&r=g\",\"contentUrl\":\"https:\/\/secure.gravatar.com\/avatar\/504bea97a1ccc49a691a1068322d035c71f1d28c909da5c3d7eaa70b6a528a9a?s=96&d=mm&r=g\",\"caption\":\"admin\"},\"description\":\"89998887776\",\"sameAs\":[\"http:\/\/amiable-test.ch\"],\"url\":\"https:\/\/amiable.ch\/author\/admin\/\"},{\"@type\":\"ImageObject\",\"inLanguage\":\"de\",\"@id\":\"https:\/\/amiable.ch\/de\/2023\/12\/26\/scheidung-und-arbeit-in-der-schweiz\/#local-main-organization-logo\",\"url\":\"\",\"contentUrl\":\"\",\"caption\":\"amiable.ch\"}]}<\/script>\n<meta name=\"geo.placename\" content=\"Morges\" \/>\n<meta name=\"geo.region\" content=\"Schweiz\" \/>\n<!-- \/ Yoast SEO Premium plugin. -->","yoast_head_json":{"title":"Scheidung und Arbeit in der Schweiz - amiable.ch","robots":{"index":"index","follow":"follow","max-snippet":"max-snippet:-1","max-image-preview":"max-image-preview:large","max-video-preview":"max-video-preview:-1"},"canonical":"https:\/\/amiable.ch\/de\/2023\/12\/26\/scheidung-und-arbeit-in-der-schweiz\/","og_locale":"de_DE","og_type":"article","og_title":"Scheidung und Arbeit in der Schweiz","og_description":"Der statistische Familienbericht 2021 des Bundesamtes f\u00fcr Statistik gibt Einblicke in die Familienstrukturen der Schweiz. Etwa ein Drittel der Haushalte hat Kinder unter 25 Jahren, wobei die Mehrheit mit beiden Eltern lebt. Allerdings sind 13% in Haushalten mit nur einem Elternteil und 6% in Patchworkfamilien zu Hause. Trotz staatlicher Unterst\u00fctzung sind Einelternhaushalte \u00f6fter von Armut...","og_url":"https:\/\/amiable.ch\/de\/2023\/12\/26\/scheidung-und-arbeit-in-der-schweiz\/","og_site_name":"amiable.ch","article_published_time":"2023-12-26T08:00:57+00:00","article_modified_time":"2024-07-16T10:01:51+00:00","og_image":[{"width":1280,"height":720,"url":"https:\/\/amiable.ch\/wp-content\/uploads\/2023\/12\/Design-ohne-Titel-3-1-1-1280x720.png","type":"image\/png"}],"author":"admin","twitter_card":"summary_large_image","twitter_misc":{"Verfasst von":"admin","Gesch\u00e4tzte Lesezeit":"2\u00a0Minuten"},"schema":{"@context":"https:\/\/schema.org","@graph":[{"@type":"WebPage","@id":"https:\/\/amiable.ch\/de\/2023\/12\/26\/scheidung-und-arbeit-in-der-schweiz\/","url":"https:\/\/amiable.ch\/de\/2023\/12\/26\/scheidung-und-arbeit-in-der-schweiz\/","name":"Scheidung und Arbeit in der Schweiz - amiable.ch","isPartOf":{"@id":"https:\/\/amiable.ch\/de\/#website"},"primaryImageOfPage":{"@id":"https:\/\/amiable.ch\/de\/2023\/12\/26\/scheidung-und-arbeit-in-der-schweiz\/#primaryimage"},"image":{"@id":"https:\/\/amiable.ch\/de\/2023\/12\/26\/scheidung-und-arbeit-in-der-schweiz\/#primaryimage"},"thumbnailUrl":"https:\/\/amiable.ch\/wp-content\/uploads\/2023\/12\/Design-ohne-Titel-3-1-1.png","datePublished":"2023-12-26T08:00:57+00:00","dateModified":"2024-07-16T10:01:51+00:00","author":{"@id":"https:\/\/amiable.ch\/de\/#\/schema\/person\/13c2e8821bb61f0a05252eefc52defac"},"breadcrumb":{"@id":"https:\/\/amiable.ch\/de\/2023\/12\/26\/scheidung-und-arbeit-in-der-schweiz\/#breadcrumb"},"inLanguage":"de","potentialAction":[{"@type":"ReadAction","target":["https:\/\/amiable.ch\/de\/2023\/12\/26\/scheidung-und-arbeit-in-der-schweiz\/"]}]},{"@type":"ImageObject","inLanguage":"de","@id":"https:\/\/amiable.ch\/de\/2023\/12\/26\/scheidung-und-arbeit-in-der-schweiz\/#primaryimage","url":"https:\/\/amiable.ch\/wp-content\/uploads\/2023\/12\/Design-ohne-Titel-3-1-1.png","contentUrl":"https:\/\/amiable.ch\/wp-content\/uploads\/2023\/12\/Design-ohne-Titel-3-1-1.png","width":1920,"height":1080,"caption":"Divorce \u00e0 l\u2019amiable en ligne en Suisse, amiable.ch"},{"@type":"BreadcrumbList","@id":"https:\/\/amiable.ch\/de\/2023\/12\/26\/scheidung-und-arbeit-in-der-schweiz\/#breadcrumb","itemListElement":[{"@type":"ListItem","position":1,"name":"Home","item":"https:\/\/amiable.ch\/de\/"},{"@type":"ListItem","position":2,"name":"Scheidung und Arbeit in der Schweiz"}]},{"@type":"WebSite","@id":"https:\/\/amiable.ch\/de\/#website","url":"https:\/\/amiable.ch\/de\/","name":"amiable.ch","description":"","potentialAction":[{"@type":"SearchAction","target":{"@type":"EntryPoint","urlTemplate":"https:\/\/amiable.ch\/de\/?s={search_term_string}"},"query-input":{"@type":"PropertyValueSpecification","valueRequired":true,"valueName":"search_term_string"}}],"inLanguage":"de"},{"@type":"Person","@id":"https:\/\/amiable.ch\/de\/#\/schema\/person\/13c2e8821bb61f0a05252eefc52defac","name":"admin","image":{"@type":"ImageObject","inLanguage":"de","@id":"https:\/\/amiable.ch\/de\/#\/schema\/person\/image\/","url":"https:\/\/secure.gravatar.com\/avatar\/504bea97a1ccc49a691a1068322d035c71f1d28c909da5c3d7eaa70b6a528a9a?s=96&d=mm&r=g","contentUrl":"https:\/\/secure.gravatar.com\/avatar\/504bea97a1ccc49a691a1068322d035c71f1d28c909da5c3d7eaa70b6a528a9a?s=96&d=mm&r=g","caption":"admin"},"description":"89998887776","sameAs":["http:\/\/amiable-test.ch"],"url":"https:\/\/amiable.ch\/author\/admin\/"},{"@type":"ImageObject","inLanguage":"de","@id":"https:\/\/amiable.ch\/de\/2023\/12\/26\/scheidung-und-arbeit-in-der-schweiz\/#local-main-organization-logo","url":"","contentUrl":"","caption":"amiable.ch"}]},"geo.placename":"Morges","geo.region":"Schweiz"},"_links":{"self":[{"href":"https:\/\/amiable.ch\/wp-json\/wp\/v2\/posts\/7392","targetHints":{"allow":["GET"]}}],"collection":[{"href":"https:\/\/amiable.ch\/wp-json\/wp\/v2\/posts"}],"about":[{"href":"https:\/\/amiable.ch\/wp-json\/wp\/v2\/types\/post"}],"author":[{"embeddable":true,"href":"https:\/\/amiable.ch\/wp-json\/wp\/v2\/users\/1"}],"replies":[{"embeddable":true,"href":"https:\/\/amiable.ch\/wp-json\/wp\/v2\/comments?post=7392"}],"version-history":[{"count":1,"href":"https:\/\/amiable.ch\/wp-json\/wp\/v2\/posts\/7392\/revisions"}],"predecessor-version":[{"id":8117,"href":"https:\/\/amiable.ch\/wp-json\/wp\/v2\/posts\/7392\/revisions\/8117"}],"wp:featuredmedia":[{"embeddable":true,"href":"https:\/\/amiable.ch\/wp-json\/wp\/v2\/media\/7394"}],"wp:attachment":[{"href":"https:\/\/amiable.ch\/wp-json\/wp\/v2\/media?parent=7392"}],"wp:term":[{"taxonomy":"category","embeddable":true,"href":"https:\/\/amiable.ch\/wp-json\/wp\/v2\/categories?post=7392"},{"taxonomy":"post_tag","embeddable":true,"href":"https:\/\/amiable.ch\/wp-json\/wp\/v2\/tags?post=7392"}],"curies":[{"name":"wp","href":"https:\/\/api.w.org\/{rel}","templated":true}]}}