{"id":7751,"date":"2023-12-11T08:00:27","date_gmt":"2023-12-11T08:00:27","guid":{"rendered":"https:\/\/amiable.ch\/?p=7346"},"modified":"2024-07-16T10:28:06","modified_gmt":"2024-07-16T10:28:06","slug":"q-wie-finden-wir-die-fur-uns-passende-situation-bezuglich-der-obhut-und-betreuung","status":"publish","type":"post","link":"https:\/\/amiable.ch\/de\/2023\/12\/11\/q-wie-finden-wir-die-fur-uns-passende-situation-bezuglich-der-obhut-und-betreuung\/","title":{"rendered":"Q: Wie finden wir die f\u00fcr uns passende Situation bez\u00fcglich der Obhut und Betreuung?"},"content":{"rendered":"<p><span style=\"font-weight: 400;\">R: An erster Stelle steht immer das Wohl des Kindes. Anhaltspunkte, die Ihnen weiterhelfen k\u00f6nnen, finden Sie im Folgenden:<\/span><\/p>\n<ul>\n<li style=\"font-weight: 400;\" aria-level=\"1\"><span style=\"font-weight: 400;\">Wie hat die Situation bisher ausgesehen? Wer hat sich haupts\u00e4chlich um die Kinder gek\u00fcmmert?<\/span><\/li>\n<li style=\"font-weight: 400;\" aria-level=\"1\"><span style=\"font-weight: 400;\">Wer hat beruflich welche Verpflichtungen? Kann ich die Kinder zur Schule, zum Fussball, zum Musikunterricht bringen?<\/span><\/li>\n<li style=\"font-weight: 400;\" aria-level=\"1\"><span style=\"font-weight: 400;\">Bedenken Sie, dass bei einem Umzug, Bezugspersonen und Freunde verloren gehen, was sich auf das Gem\u00fct der Kinder auswirken kann.<\/span><\/li>\n<li style=\"font-weight: 400;\" aria-level=\"1\"><span style=\"font-weight: 400;\">Beziehen Sie W\u00fcnsche und Bed\u00fcrfnisse der Kinder mit ein. Was ist am besten f\u00fcr die Kinder?<\/span><\/li>\n<li style=\"font-weight: 400;\" aria-level=\"1\"><span style=\"font-weight: 400;\">Wie gut k\u00f6nnen Sie als Eltern miteinander kommunizieren und kooperieren in Bezug auf Fragen rund um die Kinder?<\/span><\/li>\n<\/ul>\n","protected":false},"excerpt":{"rendered":"<p>R: An erster Stelle steht immer das Wohl des Kindes. Anhaltspunkte, die Ihnen weiterhelfen k\u00f6nnen, finden Sie im Folgenden: Wie hat die Situation bisher ausgesehen? Wer hat sich haupts\u00e4chlich um die Kinder gek\u00fcmmert? Wer hat beruflich welche Verpflichtungen? Kann ich die Kinder zur Schule, zum Fussball, zum Musikunterricht bringen? Bedenken Sie, dass bei einem Umzug,&#8230;<\/p>\n","protected":false},"author":1,"featured_media":8103,"comment_status":"closed","ping_status":"closed","sticky":false,"template":"","format":"standard","meta":{"_acf_changed":false,"_monsterinsights_skip_tracking":false,"_monsterinsights_sitenote_active":false,"_monsterinsights_sitenote_note":"","_monsterinsights_sitenote_category":0,"_locale":"de_DE","_original_post":"https:\/\/amiable.ch\/?p=7346","footnotes":""},"categories":[3,27,66,7],"tags":[],"class_list":["post-7751","post","type-post","status-publish","format-standard","has-post-thumbnail","hentry","category-divorce","category-enfant-s","category-qr","category-separation","de-DE"],"acf":[],"yoast_head":"<!-- This site is optimized with the Yoast SEO Premium plugin v25.5 (Yoast SEO v25.5) - https:\/\/yoast.com\/wordpress\/plugins\/seo\/ -->\n<title>Q: Wie finden wir die f\u00fcr uns passende Situation bez\u00fcglich der Obhut und Betreuung? - amiable.ch<\/title>\n<meta name=\"robots\" content=\"index, follow, max-snippet:-1, max-image-preview:large, max-video-preview:-1\" \/>\n<link rel=\"canonical\" href=\"https:\/\/amiable.ch\/de\/2023\/12\/11\/q-wie-finden-wir-die-fur-uns-passende-situation-bezuglich-der-obhut-und-betreuung\/\" \/>\n<meta property=\"og:locale\" content=\"de_DE\" \/>\n<meta property=\"og:type\" content=\"article\" \/>\n<meta property=\"og:title\" content=\"Q: Wie finden wir die f\u00fcr uns passende Situation bez\u00fcglich der Obhut und Betreuung?\" \/>\n<meta property=\"og:description\" content=\"R: An erster Stelle steht immer das Wohl des Kindes. Anhaltspunkte, die Ihnen weiterhelfen k\u00f6nnen, finden Sie im Folgenden: Wie hat die Situation bisher ausgesehen? Wer hat sich haupts\u00e4chlich um die Kinder gek\u00fcmmert? Wer hat beruflich welche Verpflichtungen? Kann ich die Kinder zur Schule, zum Fussball, zum Musikunterricht bringen? Bedenken Sie, dass bei einem Umzug,...\" \/>\n<meta property=\"og:url\" content=\"https:\/\/amiable.ch\/de\/2023\/12\/11\/q-wie-finden-wir-die-fur-uns-passende-situation-bezuglich-der-obhut-und-betreuung\/\" \/>\n<meta property=\"og:site_name\" content=\"amiable.ch\" \/>\n<meta property=\"article:published_time\" content=\"2023-12-11T08:00:27+00:00\" \/>\n<meta property=\"article:modified_time\" content=\"2024-07-16T10:28:06+00:00\" \/>\n<meta property=\"og:image\" content=\"https:\/\/amiable.ch\/wp-content\/uploads\/2024\/07\/famille-recomposee.png\" \/>\n\t<meta property=\"og:image:width\" content=\"940\" \/>\n\t<meta property=\"og:image:height\" content=\"788\" \/>\n\t<meta property=\"og:image:type\" content=\"image\/png\" \/>\n<meta name=\"author\" content=\"admin\" \/>\n<meta name=\"twitter:card\" content=\"summary_large_image\" \/>\n<meta name=\"twitter:label1\" content=\"Verfasst von\" \/>\n\t<meta name=\"twitter:data1\" content=\"admin\" \/>\n\t<meta name=\"twitter:label2\" content=\"Gesch\u00e4tzte Lesezeit\" \/>\n\t<meta name=\"twitter:data2\" content=\"1\u00a0Minute\" \/>\n<script type=\"application\/ld+json\" class=\"yoast-schema-graph\">{\"@context\":\"https:\/\/schema.org\",\"@graph\":[{\"@type\":\"WebPage\",\"@id\":\"https:\/\/amiable.ch\/de\/2023\/12\/11\/q-wie-finden-wir-die-fur-uns-passende-situation-bezuglich-der-obhut-und-betreuung\/\",\"url\":\"https:\/\/amiable.ch\/de\/2023\/12\/11\/q-wie-finden-wir-die-fur-uns-passende-situation-bezuglich-der-obhut-und-betreuung\/\",\"name\":\"Q: Wie finden wir die f\u00fcr uns passende Situation bez\u00fcglich der Obhut und Betreuung? - amiable.ch\",\"isPartOf\":{\"@id\":\"https:\/\/amiable.ch\/de\/#website\"},\"primaryImageOfPage\":{\"@id\":\"https:\/\/amiable.ch\/de\/2023\/12\/11\/q-wie-finden-wir-die-fur-uns-passende-situation-bezuglich-der-obhut-und-betreuung\/#primaryimage\"},\"image\":{\"@id\":\"https:\/\/amiable.ch\/de\/2023\/12\/11\/q-wie-finden-wir-die-fur-uns-passende-situation-bezuglich-der-obhut-und-betreuung\/#primaryimage\"},\"thumbnailUrl\":\"https:\/\/amiable.ch\/wp-content\/uploads\/2024\/07\/famille-recomposee.png\",\"datePublished\":\"2023-12-11T08:00:27+00:00\",\"dateModified\":\"2024-07-16T10:28:06+00:00\",\"author\":{\"@id\":\"https:\/\/amiable.ch\/de\/#\/schema\/person\/13c2e8821bb61f0a05252eefc52defac\"},\"breadcrumb\":{\"@id\":\"https:\/\/amiable.ch\/de\/2023\/12\/11\/q-wie-finden-wir-die-fur-uns-passende-situation-bezuglich-der-obhut-und-betreuung\/#breadcrumb\"},\"inLanguage\":\"de\",\"potentialAction\":[{\"@type\":\"ReadAction\",\"target\":[\"https:\/\/amiable.ch\/de\/2023\/12\/11\/q-wie-finden-wir-die-fur-uns-passende-situation-bezuglich-der-obhut-und-betreuung\/\"]}]},{\"@type\":\"ImageObject\",\"inLanguage\":\"de\",\"@id\":\"https:\/\/amiable.ch\/de\/2023\/12\/11\/q-wie-finden-wir-die-fur-uns-passende-situation-bezuglich-der-obhut-und-betreuung\/#primaryimage\",\"url\":\"https:\/\/amiable.ch\/wp-content\/uploads\/2024\/07\/famille-recomposee.png\",\"contentUrl\":\"https:\/\/amiable.ch\/wp-content\/uploads\/2024\/07\/famille-recomposee.png\",\"width\":940,\"height\":788},{\"@type\":\"BreadcrumbList\",\"@id\":\"https:\/\/amiable.ch\/de\/2023\/12\/11\/q-wie-finden-wir-die-fur-uns-passende-situation-bezuglich-der-obhut-und-betreuung\/#breadcrumb\",\"itemListElement\":[{\"@type\":\"ListItem\",\"position\":1,\"name\":\"Home\",\"item\":\"https:\/\/amiable.ch\/de\/\"},{\"@type\":\"ListItem\",\"position\":2,\"name\":\"Q: Wie finden wir die f\u00fcr uns passende Situation bez\u00fcglich der Obhut und Betreuung?\"}]},{\"@type\":\"WebSite\",\"@id\":\"https:\/\/amiable.ch\/de\/#website\",\"url\":\"https:\/\/amiable.ch\/de\/\",\"name\":\"amiable.ch\",\"description\":\"\",\"potentialAction\":[{\"@type\":\"SearchAction\",\"target\":{\"@type\":\"EntryPoint\",\"urlTemplate\":\"https:\/\/amiable.ch\/de\/?s={search_term_string}\"},\"query-input\":{\"@type\":\"PropertyValueSpecification\",\"valueRequired\":true,\"valueName\":\"search_term_string\"}}],\"inLanguage\":\"de\"},{\"@type\":\"Person\",\"@id\":\"https:\/\/amiable.ch\/de\/#\/schema\/person\/13c2e8821bb61f0a05252eefc52defac\",\"name\":\"admin\",\"image\":{\"@type\":\"ImageObject\",\"inLanguage\":\"de\",\"@id\":\"https:\/\/amiable.ch\/de\/#\/schema\/person\/image\/\",\"url\":\"https:\/\/secure.gravatar.com\/avatar\/504bea97a1ccc49a691a1068322d035c71f1d28c909da5c3d7eaa70b6a528a9a?s=96&d=mm&r=g\",\"contentUrl\":\"https:\/\/secure.gravatar.com\/avatar\/504bea97a1ccc49a691a1068322d035c71f1d28c909da5c3d7eaa70b6a528a9a?s=96&d=mm&r=g\",\"caption\":\"admin\"},\"description\":\"89998887776\",\"sameAs\":[\"http:\/\/amiable-test.ch\"],\"url\":\"https:\/\/amiable.ch\/author\/admin\/\"},{\"@type\":\"ImageObject\",\"inLanguage\":\"de\",\"@id\":\"https:\/\/amiable.ch\/de\/2023\/12\/11\/q-wie-finden-wir-die-fur-uns-passende-situation-bezuglich-der-obhut-und-betreuung\/#local-main-organization-logo\",\"url\":\"\",\"contentUrl\":\"\",\"caption\":\"amiable.ch\"}]}<\/script>\n<meta name=\"geo.placename\" content=\"Morges\" \/>\n<meta name=\"geo.region\" content=\"Schweiz\" \/>\n<!-- \/ Yoast SEO Premium plugin. -->","yoast_head_json":{"title":"Q: Wie finden wir die f\u00fcr uns passende Situation bez\u00fcglich der Obhut und Betreuung? - amiable.ch","robots":{"index":"index","follow":"follow","max-snippet":"max-snippet:-1","max-image-preview":"max-image-preview:large","max-video-preview":"max-video-preview:-1"},"canonical":"https:\/\/amiable.ch\/de\/2023\/12\/11\/q-wie-finden-wir-die-fur-uns-passende-situation-bezuglich-der-obhut-und-betreuung\/","og_locale":"de_DE","og_type":"article","og_title":"Q: Wie finden wir die f\u00fcr uns passende Situation bez\u00fcglich der Obhut und Betreuung?","og_description":"R: An erster Stelle steht immer das Wohl des Kindes. Anhaltspunkte, die Ihnen weiterhelfen k\u00f6nnen, finden Sie im Folgenden: Wie hat die Situation bisher ausgesehen? Wer hat sich haupts\u00e4chlich um die Kinder gek\u00fcmmert? Wer hat beruflich welche Verpflichtungen? Kann ich die Kinder zur Schule, zum Fussball, zum Musikunterricht bringen? Bedenken Sie, dass bei einem Umzug,...","og_url":"https:\/\/amiable.ch\/de\/2023\/12\/11\/q-wie-finden-wir-die-fur-uns-passende-situation-bezuglich-der-obhut-und-betreuung\/","og_site_name":"amiable.ch","article_published_time":"2023-12-11T08:00:27+00:00","article_modified_time":"2024-07-16T10:28:06+00:00","og_image":[{"width":940,"height":788,"url":"https:\/\/amiable.ch\/wp-content\/uploads\/2024\/07\/famille-recomposee.png","type":"image\/png"}],"author":"admin","twitter_card":"summary_large_image","twitter_misc":{"Verfasst von":"admin","Gesch\u00e4tzte Lesezeit":"1\u00a0Minute"},"schema":{"@context":"https:\/\/schema.org","@graph":[{"@type":"WebPage","@id":"https:\/\/amiable.ch\/de\/2023\/12\/11\/q-wie-finden-wir-die-fur-uns-passende-situation-bezuglich-der-obhut-und-betreuung\/","url":"https:\/\/amiable.ch\/de\/2023\/12\/11\/q-wie-finden-wir-die-fur-uns-passende-situation-bezuglich-der-obhut-und-betreuung\/","name":"Q: Wie finden wir die f\u00fcr uns passende Situation bez\u00fcglich der Obhut und Betreuung? - amiable.ch","isPartOf":{"@id":"https:\/\/amiable.ch\/de\/#website"},"primaryImageOfPage":{"@id":"https:\/\/amiable.ch\/de\/2023\/12\/11\/q-wie-finden-wir-die-fur-uns-passende-situation-bezuglich-der-obhut-und-betreuung\/#primaryimage"},"image":{"@id":"https:\/\/amiable.ch\/de\/2023\/12\/11\/q-wie-finden-wir-die-fur-uns-passende-situation-bezuglich-der-obhut-und-betreuung\/#primaryimage"},"thumbnailUrl":"https:\/\/amiable.ch\/wp-content\/uploads\/2024\/07\/famille-recomposee.png","datePublished":"2023-12-11T08:00:27+00:00","dateModified":"2024-07-16T10:28:06+00:00","author":{"@id":"https:\/\/amiable.ch\/de\/#\/schema\/person\/13c2e8821bb61f0a05252eefc52defac"},"breadcrumb":{"@id":"https:\/\/amiable.ch\/de\/2023\/12\/11\/q-wie-finden-wir-die-fur-uns-passende-situation-bezuglich-der-obhut-und-betreuung\/#breadcrumb"},"inLanguage":"de","potentialAction":[{"@type":"ReadAction","target":["https:\/\/amiable.ch\/de\/2023\/12\/11\/q-wie-finden-wir-die-fur-uns-passende-situation-bezuglich-der-obhut-und-betreuung\/"]}]},{"@type":"ImageObject","inLanguage":"de","@id":"https:\/\/amiable.ch\/de\/2023\/12\/11\/q-wie-finden-wir-die-fur-uns-passende-situation-bezuglich-der-obhut-und-betreuung\/#primaryimage","url":"https:\/\/amiable.ch\/wp-content\/uploads\/2024\/07\/famille-recomposee.png","contentUrl":"https:\/\/amiable.ch\/wp-content\/uploads\/2024\/07\/famille-recomposee.png","width":940,"height":788},{"@type":"BreadcrumbList","@id":"https:\/\/amiable.ch\/de\/2023\/12\/11\/q-wie-finden-wir-die-fur-uns-passende-situation-bezuglich-der-obhut-und-betreuung\/#breadcrumb","itemListElement":[{"@type":"ListItem","position":1,"name":"Home","item":"https:\/\/amiable.ch\/de\/"},{"@type":"ListItem","position":2,"name":"Q: Wie finden wir die f\u00fcr uns passende Situation bez\u00fcglich der Obhut und Betreuung?"}]},{"@type":"WebSite","@id":"https:\/\/amiable.ch\/de\/#website","url":"https:\/\/amiable.ch\/de\/","name":"amiable.ch","description":"","potentialAction":[{"@type":"SearchAction","target":{"@type":"EntryPoint","urlTemplate":"https:\/\/amiable.ch\/de\/?s={search_term_string}"},"query-input":{"@type":"PropertyValueSpecification","valueRequired":true,"valueName":"search_term_string"}}],"inLanguage":"de"},{"@type":"Person","@id":"https:\/\/amiable.ch\/de\/#\/schema\/person\/13c2e8821bb61f0a05252eefc52defac","name":"admin","image":{"@type":"ImageObject","inLanguage":"de","@id":"https:\/\/amiable.ch\/de\/#\/schema\/person\/image\/","url":"https:\/\/secure.gravatar.com\/avatar\/504bea97a1ccc49a691a1068322d035c71f1d28c909da5c3d7eaa70b6a528a9a?s=96&d=mm&r=g","contentUrl":"https:\/\/secure.gravatar.com\/avatar\/504bea97a1ccc49a691a1068322d035c71f1d28c909da5c3d7eaa70b6a528a9a?s=96&d=mm&r=g","caption":"admin"},"description":"89998887776","sameAs":["http:\/\/amiable-test.ch"],"url":"https:\/\/amiable.ch\/author\/admin\/"},{"@type":"ImageObject","inLanguage":"de","@id":"https:\/\/amiable.ch\/de\/2023\/12\/11\/q-wie-finden-wir-die-fur-uns-passende-situation-bezuglich-der-obhut-und-betreuung\/#local-main-organization-logo","url":"","contentUrl":"","caption":"amiable.ch"}]},"geo.placename":"Morges","geo.region":"Schweiz"},"_links":{"self":[{"href":"https:\/\/amiable.ch\/wp-json\/wp\/v2\/posts\/7751","targetHints":{"allow":["GET"]}}],"collection":[{"href":"https:\/\/amiable.ch\/wp-json\/wp\/v2\/posts"}],"about":[{"href":"https:\/\/amiable.ch\/wp-json\/wp\/v2\/types\/post"}],"author":[{"embeddable":true,"href":"https:\/\/amiable.ch\/wp-json\/wp\/v2\/users\/1"}],"replies":[{"embeddable":true,"href":"https:\/\/amiable.ch\/wp-json\/wp\/v2\/comments?post=7751"}],"version-history":[{"count":1,"href":"https:\/\/amiable.ch\/wp-json\/wp\/v2\/posts\/7751\/revisions"}],"predecessor-version":[{"id":8126,"href":"https:\/\/amiable.ch\/wp-json\/wp\/v2\/posts\/7751\/revisions\/8126"}],"wp:featuredmedia":[{"embeddable":true,"href":"https:\/\/amiable.ch\/wp-json\/wp\/v2\/media\/8103"}],"wp:attachment":[{"href":"https:\/\/amiable.ch\/wp-json\/wp\/v2\/media?parent=7751"}],"wp:term":[{"taxonomy":"category","embeddable":true,"href":"https:\/\/amiable.ch\/wp-json\/wp\/v2\/categories?post=7751"},{"taxonomy":"post_tag","embeddable":true,"href":"https:\/\/amiable.ch\/wp-json\/wp\/v2\/tags?post=7751"}],"curies":[{"name":"wp","href":"https:\/\/api.w.org\/{rel}","templated":true}]}}