{"id":8263,"date":"2024-09-09T10:09:29","date_gmt":"2024-09-09T10:09:29","guid":{"rendered":"https:\/\/amiable.ch\/?p=8263"},"modified":"2024-09-30T08:17:19","modified_gmt":"2024-09-30T08:17:19","slug":"schutzmassnahmen-fur-das-kind-bei-gewalt-im-elternpaar-nach-schweizerischem-recht","status":"publish","type":"post","link":"https:\/\/amiable.ch\/de\/2024\/09\/09\/schutzmassnahmen-fur-das-kind-bei-gewalt-im-elternpaar-nach-schweizerischem-recht\/","title":{"rendered":"Schutzmassnahmen f\u00fcr das Kind bei Gewalt im Elternpaar nach schweizerischem Recht"},"content":{"rendered":"<p>Gewalt innerhalb des Elternpaares stellt eine erhebliche Bedrohung f\u00fcr die Sicherheit, das Wohlbefinden und die Entwicklung der Kinder dar. In der Schweiz bietet das Recht verschiedene Mechanismen zum Schutz des Kindes in solchen Situationen, unabh\u00e4ngig davon, ob die Gewalt physischer, psychologischer oder emotionaler Natur ist. Die Schutzmassnahmen werden durch eine Reihe von Gesetzen geregelt, vor allem durch das Schweizerische Zivilgesetzbuch und das Bundesgesetz \u00fcber den Kindesschutz und die Opferhilfe.<\/p>\n<h2><strong>Definition von Gewalt im Elternpaar<\/strong><\/h2>\n<p>Gewalt im Elternpaar kann viele Formen annehmen: k\u00f6rperliche, verbale, psychische, wirtschaftliche oder sexuelle Gewalt. Diese Handlungen schaden nicht nur dem Partner direkt, sondern haben oft auch schwerwiegende Auswirkungen auf die Kinder, ob sie Zeugen sind oder selbst Opfer werden. Es ist gut dokumentiert, dass Kinder, die h\u00e4uslicher Gewalt ausgesetzt sind, an psychischen und Verhaltensst\u00f6rungen sowie an posttraumatischem Stress leiden und ihre Entwicklung schwer beeintr\u00e4chtigt werden kann.<\/p>\n<h3>Aussetzung von Kindern h\u00e4uslicher Gewalt<\/h3>\n<p>Auch wenn sie nicht direkt angegriffen werden, erleiden Kinder, die Zeugen von Gewalt im Elternpaar sind, erhebliche Sch\u00e4den. Die Aussetzung h\u00e4uslicher Gewalt wird als eine Form von Misshandlung angesehen, und die Schweizer Gerichte ber\u00fccksichtigen diesen Faktor bei der Entscheidung \u00fcber zu ergreifende Massnahmen.<\/p>\n<h2><strong>Rechtlicher Schutzrahmen im Schweizer Recht<\/strong><\/h2>\n<p>Der Schutz des Kindes im Kontext famili\u00e4rer Gewalt st\u00fctzt sich haupts\u00e4chlich auf das <strong>Schweizerische Zivilgesetzbuch (ZGB)<\/strong>. Dieses Gesetz sieht verschiedene Arten von Interventionen vor, um die Sicherheit und das Wohl der Kinder zu gew\u00e4hrleisten.<\/p>\n<p>Die Artikel 307 bis 315 ZGB regeln die Schutzmassnahmen f\u00fcr das Kind. Diese Bestimmungen erlauben es den Beh\u00f6rden, Entscheidungen zu treffen, um das Kind in Situationen zu sch\u00fctzen, in denen sein Wohl gef\u00e4hrdet ist.<\/p>\n<h3>Artikel 307 ZGB: Einleitung von Schutzmassnahmen<\/h3>\n<p>Wenn die Entwicklung des Kindes aufgrund von Gewalt im Elternpaar gef\u00e4hrdet ist, kann die Kindesschutzbeh\u00f6rde angemessene Massnahmen anordnen, wie zum Beispiel:<\/p>\n<ul>\n<li><strong>Erzieherische Unterst\u00fctzung<\/strong>: Ein Erzieher oder Sozialarbeiter kann ernannt werden, um die Eltern bei ihrer elterlichen Verantwortung zu unterst\u00fctzen.<\/li>\n<li><strong>Unter Aufsicht stellen<\/strong>: Die Beh\u00f6rde kann die Aus\u00fcbung der elterlichen Rechte \u00fcberwachen, um die Situation zu bewerten und gegebenenfalls einzugreifen.<\/li>\n<li><strong>Bestellung eines Vormunds<\/strong>: In besonders schweren F\u00e4llen kann ein Vormund bestellt werden, um die Entscheidungen bez\u00fcglich des Kindes zu \u00fcberwachen.<\/li>\n<\/ul>\n<h3>Artikel 310 ZGB: Entzug des Kindes aus dem famili\u00e4ren Umfeld<\/h3>\n<p>Wenn die Situation eine ernsthafte und unmittelbare Gefahr f\u00fcr das Kind darstellt, kann die Beh\u00f6rde den <strong>Entzug des Kindes aus dem famili\u00e4ren Umfeld<\/strong> anordnen. Diese Massnahme wird angewendet, wenn andere, weniger einschneidende Interventionen nicht ausreichen, um das Kind zu sch\u00fctzen. Der Entzug kann vor\u00fcbergehend oder dauerhaft sein, je nach Schwere der Gewalt und der Rehabilitationsf\u00e4higkeit der Eltern.<\/p>\n<p>Eine Besonderheit des Schweizer Rechts ist die Flexibilit\u00e4t, die den lokalen Beh\u00f6rden, den sogenannten <strong>Kindes- und Erwachsenenschutzbeh\u00f6rden (KESB)<\/strong>, einger\u00e4umt wird. Diese Beh\u00f6rden haben grosse Spielr\u00e4ume, um Massnahmen zu ergreifen, die sie im Einzelfall f\u00fcr angemessen halten. Sie k\u00f6nnen zum Beispiel die <strong>Aussetzung des Besuchsrechts<\/strong> eines gewaltt\u00e4tigen Elternteils anordnen oder die Modalit\u00e4ten der Aus\u00fcbung des Sorgerechts \u00e4ndern.<\/p>\n<h2><strong>Notfallmassnahmen<\/strong><\/h2>\n<p>Im Falle von nachgewiesener Gewalt oder einer drohenden Gefahr sieht die Schweiz <strong>Notfallmassnahmen<\/strong> vor, um das Kind und den gewaltbetroffenen Elternteil zu sch\u00fctzen. Die KESB oder das Zivilgericht kann ein <strong>Kontaktverbot<\/strong> oder ein <strong>Ann\u00e4herungsverbot<\/strong> an den Familienwohnsitz gegen\u00fcber dem gewaltt\u00e4tigen Elternteil verh\u00e4ngen, basierend auf dem Gesetz zum Schutz vor Gewalt. Diese Massnahmen erm\u00f6glichen es, die Gefahr schnell abzuwenden, w\u00e4hrend auf dauerhafte Entscheidungen gewartet wird.<\/p>\n<p>Die Notfallmassnahmen werden oft in Zusammenarbeit mit spezialisierten Diensten getroffen, wie zum Beispiel dem <strong>Jugendschutzdienst<\/strong> oder Zufluchtsst\u00e4tten f\u00fcr Opfer h\u00e4uslicher Gewalt. Diese Einrichtungen bieten sofortige Unterst\u00fctzung f\u00fcr Kinder und ihre Eltern in Krisensituationen.<\/p>\n<h2><strong>Die Rolle der Justizbeh\u00f6rden und der Sozialdienste<\/strong><\/h2>\n<p>In F\u00e4llen h\u00e4uslicher Gewalt sind mehrere Akteure beteiligt, um den Schutz der Kinder zu gew\u00e4hrleisten. Neben der KESB kann das Zivilgericht angerufen werden, um Massnahmen bez\u00fcglich der Aus\u00fcbung des Sorgerechts, des Aufenthaltsbestimmungsrechts und des Besuchsrechts zu entscheiden.<\/p>\n<h3>Regelm\u00e4ssige Neubewertung der Situation<\/h3>\n<p>Schutzmassnahmen sind niemals endg\u00fcltig. Die Beh\u00f6rden m\u00fcssen die famili\u00e4re Situation <strong>regelm\u00e4ssig neu bewerten<\/strong>, um sicherzustellen, dass die getroffenen Entscheidungen weiterhin angemessen sind. Wenn sich die Bedingungen verbessern oder verschlechtern, k\u00f6nnen die Beh\u00f6rden die Schutzmassnahmen entsprechend anpassen.<\/p>\n<h3>Zusammenarbeit zwischen Sozial- und Justizdiensten<\/h3>\n<p>Der Schutz von Kindern bei h\u00e4uslicher Gewalt erfordert eine enge Zusammenarbeit zwischen den Sozialdiensten, den Schulen, den Justizbeh\u00f6rden und der Polizei. Die <strong>Meldung<\/strong> von Gewaltf\u00e4llen durch Dritte ist entscheidend, um das Eingreifen der zust\u00e4ndigen Beh\u00f6rden auszul\u00f6sen.<\/p>\n","protected":false},"excerpt":{"rendered":"<p>Gewalt innerhalb des Elternpaares stellt eine erhebliche Bedrohung f\u00fcr die Sicherheit, das Wohlbefinden und die Entwicklung der Kinder dar. In der Schweiz bietet das Recht verschiedene Mechanismen zum Schutz des Kindes in solchen Situationen, unabh\u00e4ngig davon, ob die Gewalt physischer, psychologischer oder emotionaler Natur ist. Die Schutzmassnahmen werden durch eine Reihe von Gesetzen geregelt, vor&#8230;<\/p>\n","protected":false},"author":1341,"featured_media":8261,"comment_status":"closed","ping_status":"closed","sticky":false,"template":"","format":"standard","meta":{"_acf_changed":false,"_monsterinsights_skip_tracking":false,"_monsterinsights_sitenote_active":false,"_monsterinsights_sitenote_note":"","_monsterinsights_sitenote_category":0,"_locale":"de_DE","_original_post":"https:\/\/amiable.ch\/?p=8260","footnotes":""},"categories":[27],"tags":[],"class_list":["post-8263","post","type-post","status-publish","format-standard","has-post-thumbnail","hentry","category-enfant-s","de-DE"],"acf":[],"yoast_head":"<!-- This site is optimized with the Yoast SEO Premium plugin v25.5 (Yoast SEO v25.5) - https:\/\/yoast.com\/wordpress\/plugins\/seo\/ -->\n<title>Schutzmassnahmen f\u00fcr das Kind bei Gewalt im Elternpaar nach schweizerischem Recht - amiable.ch<\/title>\n<meta name=\"robots\" content=\"index, follow, max-snippet:-1, max-image-preview:large, max-video-preview:-1\" \/>\n<link rel=\"canonical\" href=\"https:\/\/amiable.ch\/de\/2024\/09\/09\/schutzmassnahmen-fur-das-kind-bei-gewalt-im-elternpaar-nach-schweizerischem-recht\/\" \/>\n<meta property=\"og:locale\" content=\"de_DE\" \/>\n<meta property=\"og:type\" content=\"article\" \/>\n<meta property=\"og:title\" content=\"Schutzmassnahmen f\u00fcr das Kind bei Gewalt im Elternpaar nach schweizerischem Recht\" \/>\n<meta property=\"og:description\" content=\"Gewalt innerhalb des Elternpaares stellt eine erhebliche Bedrohung f\u00fcr die Sicherheit, das Wohlbefinden und die Entwicklung der Kinder dar. In der Schweiz bietet das Recht verschiedene Mechanismen zum Schutz des Kindes in solchen Situationen, unabh\u00e4ngig davon, ob die Gewalt physischer, psychologischer oder emotionaler Natur ist. Die Schutzmassnahmen werden durch eine Reihe von Gesetzen geregelt, vor...\" \/>\n<meta property=\"og:url\" content=\"https:\/\/amiable.ch\/de\/2024\/09\/09\/schutzmassnahmen-fur-das-kind-bei-gewalt-im-elternpaar-nach-schweizerischem-recht\/\" \/>\n<meta property=\"og:site_name\" content=\"amiable.ch\" \/>\n<meta property=\"article:published_time\" content=\"2024-09-09T10:09:29+00:00\" \/>\n<meta property=\"article:modified_time\" content=\"2024-09-30T08:17:19+00:00\" \/>\n<meta property=\"og:image\" content=\"https:\/\/amiable.ch\/wp-content\/uploads\/2024\/09\/Protection-de-lenfant.png\" \/>\n\t<meta property=\"og:image:width\" content=\"940\" \/>\n\t<meta property=\"og:image:height\" content=\"788\" \/>\n\t<meta property=\"og:image:type\" content=\"image\/png\" \/>\n<meta name=\"author\" content=\"emily fernandes\" \/>\n<meta name=\"twitter:card\" content=\"summary_large_image\" \/>\n<meta name=\"twitter:label1\" content=\"Verfasst von\" \/>\n\t<meta name=\"twitter:data1\" content=\"emily fernandes\" \/>\n\t<meta name=\"twitter:label2\" content=\"Gesch\u00e4tzte Lesezeit\" \/>\n\t<meta name=\"twitter:data2\" content=\"4\u00a0Minuten\" \/>\n<script type=\"application\/ld+json\" class=\"yoast-schema-graph\">{\"@context\":\"https:\/\/schema.org\",\"@graph\":[{\"@type\":\"WebPage\",\"@id\":\"https:\/\/amiable.ch\/de\/2024\/09\/09\/schutzmassnahmen-fur-das-kind-bei-gewalt-im-elternpaar-nach-schweizerischem-recht\/\",\"url\":\"https:\/\/amiable.ch\/de\/2024\/09\/09\/schutzmassnahmen-fur-das-kind-bei-gewalt-im-elternpaar-nach-schweizerischem-recht\/\",\"name\":\"Schutzmassnahmen f\u00fcr das Kind bei Gewalt im Elternpaar nach schweizerischem Recht - amiable.ch\",\"isPartOf\":{\"@id\":\"https:\/\/amiable.ch\/de\/#website\"},\"primaryImageOfPage\":{\"@id\":\"https:\/\/amiable.ch\/de\/2024\/09\/09\/schutzmassnahmen-fur-das-kind-bei-gewalt-im-elternpaar-nach-schweizerischem-recht\/#primaryimage\"},\"image\":{\"@id\":\"https:\/\/amiable.ch\/de\/2024\/09\/09\/schutzmassnahmen-fur-das-kind-bei-gewalt-im-elternpaar-nach-schweizerischem-recht\/#primaryimage\"},\"thumbnailUrl\":\"https:\/\/amiable.ch\/wp-content\/uploads\/2024\/09\/Protection-de-lenfant.png\",\"datePublished\":\"2024-09-09T10:09:29+00:00\",\"dateModified\":\"2024-09-30T08:17:19+00:00\",\"author\":{\"@id\":\"https:\/\/amiable.ch\/de\/#\/schema\/person\/9be753292b1be8453aeaecc1f5d3c155\"},\"breadcrumb\":{\"@id\":\"https:\/\/amiable.ch\/de\/2024\/09\/09\/schutzmassnahmen-fur-das-kind-bei-gewalt-im-elternpaar-nach-schweizerischem-recht\/#breadcrumb\"},\"inLanguage\":\"de\",\"potentialAction\":[{\"@type\":\"ReadAction\",\"target\":[\"https:\/\/amiable.ch\/de\/2024\/09\/09\/schutzmassnahmen-fur-das-kind-bei-gewalt-im-elternpaar-nach-schweizerischem-recht\/\"]}]},{\"@type\":\"ImageObject\",\"inLanguage\":\"de\",\"@id\":\"https:\/\/amiable.ch\/de\/2024\/09\/09\/schutzmassnahmen-fur-das-kind-bei-gewalt-im-elternpaar-nach-schweizerischem-recht\/#primaryimage\",\"url\":\"https:\/\/amiable.ch\/wp-content\/uploads\/2024\/09\/Protection-de-lenfant.png\",\"contentUrl\":\"https:\/\/amiable.ch\/wp-content\/uploads\/2024\/09\/Protection-de-lenfant.png\",\"width\":940,\"height\":788},{\"@type\":\"BreadcrumbList\",\"@id\":\"https:\/\/amiable.ch\/de\/2024\/09\/09\/schutzmassnahmen-fur-das-kind-bei-gewalt-im-elternpaar-nach-schweizerischem-recht\/#breadcrumb\",\"itemListElement\":[{\"@type\":\"ListItem\",\"position\":1,\"name\":\"Home\",\"item\":\"https:\/\/amiable.ch\/de\/\"},{\"@type\":\"ListItem\",\"position\":2,\"name\":\"Schutzmassnahmen f\u00fcr das Kind bei Gewalt im Elternpaar nach schweizerischem Recht\"}]},{\"@type\":\"WebSite\",\"@id\":\"https:\/\/amiable.ch\/de\/#website\",\"url\":\"https:\/\/amiable.ch\/de\/\",\"name\":\"amiable.ch\",\"description\":\"\",\"potentialAction\":[{\"@type\":\"SearchAction\",\"target\":{\"@type\":\"EntryPoint\",\"urlTemplate\":\"https:\/\/amiable.ch\/de\/?s={search_term_string}\"},\"query-input\":{\"@type\":\"PropertyValueSpecification\",\"valueRequired\":true,\"valueName\":\"search_term_string\"}}],\"inLanguage\":\"de\"},{\"@type\":\"Person\",\"@id\":\"https:\/\/amiable.ch\/de\/#\/schema\/person\/9be753292b1be8453aeaecc1f5d3c155\",\"name\":\"emily fernandes\",\"image\":{\"@type\":\"ImageObject\",\"inLanguage\":\"de\",\"@id\":\"https:\/\/amiable.ch\/de\/#\/schema\/person\/image\/\",\"url\":\"https:\/\/secure.gravatar.com\/avatar\/d74d6e26e1c8a26f16f8a6f1c2653ef952f935e9594c9e589d37628a1e7cde12?s=96&d=mm&r=g\",\"contentUrl\":\"https:\/\/secure.gravatar.com\/avatar\/d74d6e26e1c8a26f16f8a6f1c2653ef952f935e9594c9e589d37628a1e7cde12?s=96&d=mm&r=g\",\"caption\":\"emily fernandes\"},\"description\":\"0789156165\",\"url\":\"https:\/\/amiable.ch\/author\/emilyfernandes\/\"},{\"@type\":\"ImageObject\",\"inLanguage\":\"de\",\"@id\":\"https:\/\/amiable.ch\/de\/2024\/09\/09\/schutzmassnahmen-fur-das-kind-bei-gewalt-im-elternpaar-nach-schweizerischem-recht\/#local-main-organization-logo\",\"url\":\"\",\"contentUrl\":\"\",\"caption\":\"amiable.ch\"}]}<\/script>\n<meta name=\"geo.placename\" content=\"Morges\" \/>\n<meta name=\"geo.region\" content=\"Schweiz\" \/>\n<!-- \/ Yoast SEO Premium plugin. -->","yoast_head_json":{"title":"Schutzmassnahmen f\u00fcr das Kind bei Gewalt im Elternpaar nach schweizerischem Recht - amiable.ch","robots":{"index":"index","follow":"follow","max-snippet":"max-snippet:-1","max-image-preview":"max-image-preview:large","max-video-preview":"max-video-preview:-1"},"canonical":"https:\/\/amiable.ch\/de\/2024\/09\/09\/schutzmassnahmen-fur-das-kind-bei-gewalt-im-elternpaar-nach-schweizerischem-recht\/","og_locale":"de_DE","og_type":"article","og_title":"Schutzmassnahmen f\u00fcr das Kind bei Gewalt im Elternpaar nach schweizerischem Recht","og_description":"Gewalt innerhalb des Elternpaares stellt eine erhebliche Bedrohung f\u00fcr die Sicherheit, das Wohlbefinden und die Entwicklung der Kinder dar. In der Schweiz bietet das Recht verschiedene Mechanismen zum Schutz des Kindes in solchen Situationen, unabh\u00e4ngig davon, ob die Gewalt physischer, psychologischer oder emotionaler Natur ist. Die Schutzmassnahmen werden durch eine Reihe von Gesetzen geregelt, vor...","og_url":"https:\/\/amiable.ch\/de\/2024\/09\/09\/schutzmassnahmen-fur-das-kind-bei-gewalt-im-elternpaar-nach-schweizerischem-recht\/","og_site_name":"amiable.ch","article_published_time":"2024-09-09T10:09:29+00:00","article_modified_time":"2024-09-30T08:17:19+00:00","og_image":[{"width":940,"height":788,"url":"https:\/\/amiable.ch\/wp-content\/uploads\/2024\/09\/Protection-de-lenfant.png","type":"image\/png"}],"author":"emily fernandes","twitter_card":"summary_large_image","twitter_misc":{"Verfasst von":"emily fernandes","Gesch\u00e4tzte Lesezeit":"4\u00a0Minuten"},"schema":{"@context":"https:\/\/schema.org","@graph":[{"@type":"WebPage","@id":"https:\/\/amiable.ch\/de\/2024\/09\/09\/schutzmassnahmen-fur-das-kind-bei-gewalt-im-elternpaar-nach-schweizerischem-recht\/","url":"https:\/\/amiable.ch\/de\/2024\/09\/09\/schutzmassnahmen-fur-das-kind-bei-gewalt-im-elternpaar-nach-schweizerischem-recht\/","name":"Schutzmassnahmen f\u00fcr das Kind bei Gewalt im Elternpaar nach schweizerischem Recht - amiable.ch","isPartOf":{"@id":"https:\/\/amiable.ch\/de\/#website"},"primaryImageOfPage":{"@id":"https:\/\/amiable.ch\/de\/2024\/09\/09\/schutzmassnahmen-fur-das-kind-bei-gewalt-im-elternpaar-nach-schweizerischem-recht\/#primaryimage"},"image":{"@id":"https:\/\/amiable.ch\/de\/2024\/09\/09\/schutzmassnahmen-fur-das-kind-bei-gewalt-im-elternpaar-nach-schweizerischem-recht\/#primaryimage"},"thumbnailUrl":"https:\/\/amiable.ch\/wp-content\/uploads\/2024\/09\/Protection-de-lenfant.png","datePublished":"2024-09-09T10:09:29+00:00","dateModified":"2024-09-30T08:17:19+00:00","author":{"@id":"https:\/\/amiable.ch\/de\/#\/schema\/person\/9be753292b1be8453aeaecc1f5d3c155"},"breadcrumb":{"@id":"https:\/\/amiable.ch\/de\/2024\/09\/09\/schutzmassnahmen-fur-das-kind-bei-gewalt-im-elternpaar-nach-schweizerischem-recht\/#breadcrumb"},"inLanguage":"de","potentialAction":[{"@type":"ReadAction","target":["https:\/\/amiable.ch\/de\/2024\/09\/09\/schutzmassnahmen-fur-das-kind-bei-gewalt-im-elternpaar-nach-schweizerischem-recht\/"]}]},{"@type":"ImageObject","inLanguage":"de","@id":"https:\/\/amiable.ch\/de\/2024\/09\/09\/schutzmassnahmen-fur-das-kind-bei-gewalt-im-elternpaar-nach-schweizerischem-recht\/#primaryimage","url":"https:\/\/amiable.ch\/wp-content\/uploads\/2024\/09\/Protection-de-lenfant.png","contentUrl":"https:\/\/amiable.ch\/wp-content\/uploads\/2024\/09\/Protection-de-lenfant.png","width":940,"height":788},{"@type":"BreadcrumbList","@id":"https:\/\/amiable.ch\/de\/2024\/09\/09\/schutzmassnahmen-fur-das-kind-bei-gewalt-im-elternpaar-nach-schweizerischem-recht\/#breadcrumb","itemListElement":[{"@type":"ListItem","position":1,"name":"Home","item":"https:\/\/amiable.ch\/de\/"},{"@type":"ListItem","position":2,"name":"Schutzmassnahmen f\u00fcr das Kind bei Gewalt im Elternpaar nach schweizerischem Recht"}]},{"@type":"WebSite","@id":"https:\/\/amiable.ch\/de\/#website","url":"https:\/\/amiable.ch\/de\/","name":"amiable.ch","description":"","potentialAction":[{"@type":"SearchAction","target":{"@type":"EntryPoint","urlTemplate":"https:\/\/amiable.ch\/de\/?s={search_term_string}"},"query-input":{"@type":"PropertyValueSpecification","valueRequired":true,"valueName":"search_term_string"}}],"inLanguage":"de"},{"@type":"Person","@id":"https:\/\/amiable.ch\/de\/#\/schema\/person\/9be753292b1be8453aeaecc1f5d3c155","name":"emily fernandes","image":{"@type":"ImageObject","inLanguage":"de","@id":"https:\/\/amiable.ch\/de\/#\/schema\/person\/image\/","url":"https:\/\/secure.gravatar.com\/avatar\/d74d6e26e1c8a26f16f8a6f1c2653ef952f935e9594c9e589d37628a1e7cde12?s=96&d=mm&r=g","contentUrl":"https:\/\/secure.gravatar.com\/avatar\/d74d6e26e1c8a26f16f8a6f1c2653ef952f935e9594c9e589d37628a1e7cde12?s=96&d=mm&r=g","caption":"emily fernandes"},"description":"0789156165","url":"https:\/\/amiable.ch\/author\/emilyfernandes\/"},{"@type":"ImageObject","inLanguage":"de","@id":"https:\/\/amiable.ch\/de\/2024\/09\/09\/schutzmassnahmen-fur-das-kind-bei-gewalt-im-elternpaar-nach-schweizerischem-recht\/#local-main-organization-logo","url":"","contentUrl":"","caption":"amiable.ch"}]},"geo.placename":"Morges","geo.region":"Schweiz"},"_links":{"self":[{"href":"https:\/\/amiable.ch\/wp-json\/wp\/v2\/posts\/8263","targetHints":{"allow":["GET"]}}],"collection":[{"href":"https:\/\/amiable.ch\/wp-json\/wp\/v2\/posts"}],"about":[{"href":"https:\/\/amiable.ch\/wp-json\/wp\/v2\/types\/post"}],"author":[{"embeddable":true,"href":"https:\/\/amiable.ch\/wp-json\/wp\/v2\/users\/1341"}],"replies":[{"embeddable":true,"href":"https:\/\/amiable.ch\/wp-json\/wp\/v2\/comments?post=8263"}],"version-history":[{"count":3,"href":"https:\/\/amiable.ch\/wp-json\/wp\/v2\/posts\/8263\/revisions"}],"predecessor-version":[{"id":8266,"href":"https:\/\/amiable.ch\/wp-json\/wp\/v2\/posts\/8263\/revisions\/8266"}],"wp:featuredmedia":[{"embeddable":true,"href":"https:\/\/amiable.ch\/wp-json\/wp\/v2\/media\/8261"}],"wp:attachment":[{"href":"https:\/\/amiable.ch\/wp-json\/wp\/v2\/media?parent=8263"}],"wp:term":[{"taxonomy":"category","embeddable":true,"href":"https:\/\/amiable.ch\/wp-json\/wp\/v2\/categories?post=8263"},{"taxonomy":"post_tag","embeddable":true,"href":"https:\/\/amiable.ch\/wp-json\/wp\/v2\/tags?post=8263"}],"curies":[{"name":"wp","href":"https:\/\/api.w.org\/{rel}","templated":true}]}}